{"id":534,"date":"2014-07-25T14:07:01","date_gmt":"2014-07-25T14:07:01","guid":{"rendered":"http:\/\/www.albathyment.com.pl\/AlbaThyment\/?p=534"},"modified":"2015-12-21T12:11:29","modified_gmt":"2015-12-21T12:11:29","slug":"wakacyjne-nowosci","status":"publish","type":"post","link":"https:\/\/www.albathyment.com.pl\/AlbaThyment\/2014\/07\/25\/wakacyjne-nowosci\/","title":{"rendered":"nowo\u015bci balsamique"},"content":{"rendered":"<section class=\"av_textblock_section \"  itemscope=\"itemscope\" itemtype=\"https:\/\/schema.org\/BlogPosting\" itemprop=\"blogPost\" ><div class='avia_textblock  '   itemprop=\"text\" ><div class=\"news-img\"><a href=\"http:\/\/www.albathyment.com.pl\/AlbaThyment\/wp-content\/uploads\/2015\/10\/Balsamique-20140725-Wakacyjne-nowosci.png\"><img decoding=\"async\" loading=\"lazy\" class=\"size-full wp-image-535 alignleft\" src=\"http:\/\/www.albathyment.com.pl\/AlbaThyment\/wp-content\/uploads\/2015\/10\/Balsamique-20140725-Wakacyjne-nowosci.png\" alt=\"Balsamique - 20140725 - Wakacyjne nowosci\" width=\"177\" height=\"226\" \/><\/a>Profesjonalne oliwka i balsam do masa\u017cu ca\u0142ego cia\u0142a Balsamique\u00ae MELON od\u017cywiaj\u0105 sk\u00f3r\u0119, dodaj\u0105 jej witalno\u015bci i poprawiaj\u0105 koloryt. Olej ze s\u0142odkich migda\u0142\u00f3w przywraca elastyczno\u015b\u0107 i zdrowy wygl\u0105d sk\u00f3ry. Apetyczny, \u015bwie\u017cy zapach soczystego, dojrza\u0142ego melona wprawia w dobry humor, przywodz\u0105c na my\u015bl wakacyjny czas beztroski.<\/div>\n<div class=\"news-text\">\n<p>Profesjonalnym balsamem i oliwk\u0105 Balsamique\u00ae MALINA mo\u017cna masowa\u0107 ca\u0142e cia\u0142o, twarz i szyj\u0119. Produkty nadaj\u0105 sk\u00f3rze spr\u0119\u017cysto\u015b\u0107 i poprawiaj\u0105 jej witalno\u015b\u0107. Dzi\u0119ki dodatkowi antyoksydacyjnego ekstraktu z og\u00f3recznika dzia\u0142aj\u0105 przeciwzmarszczkowo, regeneruj\u0105 uszkodzenia i gwarantuj\u0105 w\u0142a\u015bciw\u0105 elastyczno\u015b\u0107 i napi\u0119cie sk\u00f3ry. Ciep\u0142y i s\u0142odki zapach owoc\u00f3w maliny dzia\u0142a odpr\u0119\u017caj\u0105co, przypominaj\u0105c smak wczesnego lata.<br \/>\nRelaksuj\u0105ce, pachn\u0105ce seanse mo\u017cna sobie zafundowa\u0107 r\u00f3wnie\u017c w domowym zaciszu, stosuj\u0105c seri\u0119 Balsamique\u00ae Select.\u00a0Produkty pod mark\u0105 Balsamique\u00ae powstaj\u0105 po konsultacjach z masa\u017cystami, dla pe\u0142nego zadowolenia klient\u00f3w. Oliwki i balsamy wytwarzane s\u0105 w firmie Alba Thyment dysponuj\u0105cej certyfikatem GMP, kt\u00f3ry gwarantuje farmaceutyczn\u0105 jako\u015b\u0107 sk\u0142adnik\u00f3w oraz sposobu produkcji.<\/p>\n<\/div>\n<\/div><\/section>\n","protected":false},"excerpt":{"rendered":"","protected":false},"author":1,"featured_media":535,"comment_status":"closed","ping_status":"open","sticky":false,"template":"","format":"standard","meta":[],"categories":[17,145,19,15,18],"tags":[288,307,308,306,309],"yoast_head":"<!-- This site is optimized with the Yoast SEO plugin v20.7 - https:\/\/yoast.com\/wordpress\/plugins\/seo\/ -->\n<title>Nowo\u015bci marki Balsamique<\/title>\n<meta name=\"description\" content=\"Nowe balsamy i oliwki do masa\u017cu profesjonalnego marki Balsamique ju\u017c w ofercie sklepu internetowego Alba Thyment\" \/>\n<meta name=\"robots\" content=\"index, follow, max-snippet:-1, max-image-preview:large, max-video-preview:-1\" \/>\n<link rel=\"canonical\" href=\"https:\/\/www.albathyment.com.pl\/AlbaThyment\/2014\/07\/25\/wakacyjne-nowosci\/\" \/>\n<meta property=\"og:locale\" content=\"pl_PL\" \/>\n<meta property=\"og:type\" content=\"article\" \/>\n<meta property=\"og:title\" content=\"Nowo\u015bci marki Balsamique\" \/>\n<meta property=\"og:description\" content=\"Nowe balsamy i oliwki do masa\u017cu profesjonalnego marki Balsamique ju\u017c w ofercie sklepu internetowego Alba Thyment\" \/>\n<meta property=\"og:url\" content=\"https:\/\/www.albathyment.com.pl\/AlbaThyment\/2014\/07\/25\/wakacyjne-nowosci\/\" \/>\n<meta property=\"og:site_name\" content=\"Alba Thyment Sp. zo.o.\" \/>\n<meta property=\"article:publisher\" content=\"https:\/\/www.facebook.com\/essenzabalsamica\/?fref=ts\" \/>\n<meta property=\"article:published_time\" content=\"2014-07-25T14:07:01+00:00\" \/>\n<meta property=\"article:modified_time\" content=\"2015-12-21T12:11:29+00:00\" \/>\n<meta property=\"og:image\" content=\"https:\/\/www.albathyment.com.pl\/AlbaThyment\/wp-content\/uploads\/2015\/10\/Balsamique-20140725-Wakacyjne-nowosci.png\" \/>\n\t<meta property=\"og:image:width\" content=\"177\" \/>\n\t<meta property=\"og:image:height\" content=\"226\" \/>\n\t<meta property=\"og:image:type\" content=\"image\/png\" \/>\n<meta name=\"author\" content=\"Jan Jakub Rychlicki\" \/>\n<meta name=\"twitter:card\" content=\"summary_large_image\" \/>\n<meta name=\"twitter:label1\" content=\"Napisane przez\" \/>\n\t<meta name=\"twitter:data1\" content=\"Jan Jakub Rychlicki\" \/>\n\t<meta name=\"twitter:label2\" content=\"Szacowany czas czytania\" \/>\n\t<meta name=\"twitter:data2\" content=\"1 minuta\" \/>\n<script type=\"application\/ld+json\" class=\"yoast-schema-graph\">{\"@context\":\"https:\/\/schema.org\",\"@graph\":[{\"@type\":\"WebPage\",\"@id\":\"https:\/\/www.albathyment.com.pl\/AlbaThyment\/2014\/07\/25\/wakacyjne-nowosci\/\",\"url\":\"https:\/\/www.albathyment.com.pl\/AlbaThyment\/2014\/07\/25\/wakacyjne-nowosci\/\",\"name\":\"Nowo\u015bci marki Balsamique\",\"isPartOf\":{\"@id\":\"https:\/\/www.albathyment.com.pl\/AlbaThyment\/#website\"},\"datePublished\":\"2014-07-25T14:07:01+00:00\",\"dateModified\":\"2015-12-21T12:11:29+00:00\",\"author\":{\"@id\":\"https:\/\/www.albathyment.com.pl\/AlbaThyment\/#\/schema\/person\/81a6c0a2f56302def00119646ac35161\"},\"description\":\"Nowe balsamy i oliwki do masa\u017cu profesjonalnego marki Balsamique ju\u017c w ofercie sklepu internetowego Alba Thyment\",\"breadcrumb\":{\"@id\":\"https:\/\/www.albathyment.com.pl\/AlbaThyment\/2014\/07\/25\/wakacyjne-nowosci\/#breadcrumb\"},\"inLanguage\":\"pl-PL\",\"potentialAction\":[{\"@type\":\"ReadAction\",\"target\":[\"https:\/\/www.albathyment.com.pl\/AlbaThyment\/2014\/07\/25\/wakacyjne-nowosci\/\"]}]},{\"@type\":\"BreadcrumbList\",\"@id\":\"https:\/\/www.albathyment.com.pl\/AlbaThyment\/2014\/07\/25\/wakacyjne-nowosci\/#breadcrumb\",\"itemListElement\":[{\"@type\":\"ListItem\",\"position\":1,\"name\":\"Home\",\"item\":\"https:\/\/www.albathyment.com.pl\/AlbaThyment\/\"},{\"@type\":\"ListItem\",\"position\":2,\"name\":\"nowo\u015bci balsamique\"}]},{\"@type\":\"WebSite\",\"@id\":\"https:\/\/www.albathyment.com.pl\/AlbaThyment\/#website\",\"url\":\"https:\/\/www.albathyment.com.pl\/AlbaThyment\/\",\"name\":\"Alba Thyment Sp. zo.o.\",\"description\":\"manufactory of healthy cosmetics and natural pharmaceuticals\",\"potentialAction\":[{\"@type\":\"SearchAction\",\"target\":{\"@type\":\"EntryPoint\",\"urlTemplate\":\"https:\/\/www.albathyment.com.pl\/AlbaThyment\/?s={search_term_string}\"},\"query-input\":\"required name=search_term_string\"}],\"inLanguage\":\"pl-PL\"},{\"@type\":\"Person\",\"@id\":\"https:\/\/www.albathyment.com.pl\/AlbaThyment\/#\/schema\/person\/81a6c0a2f56302def00119646ac35161\",\"name\":\"Jan Jakub Rychlicki\",\"url\":\"https:\/\/www.albathyment.com.pl\/AlbaThyment\/author\/admin\/\"}]}<\/script>\n<!-- \/ Yoast SEO plugin. -->","yoast_head_json":{"title":"Nowo\u015bci marki Balsamique","description":"Nowe balsamy i oliwki do masa\u017cu profesjonalnego marki Balsamique ju\u017c w ofercie sklepu internetowego Alba Thyment","robots":{"index":"index","follow":"follow","max-snippet":"max-snippet:-1","max-image-preview":"max-image-preview:large","max-video-preview":"max-video-preview:-1"},"canonical":"https:\/\/www.albathyment.com.pl\/AlbaThyment\/2014\/07\/25\/wakacyjne-nowosci\/","og_locale":"pl_PL","og_type":"article","og_title":"Nowo\u015bci marki Balsamique","og_description":"Nowe balsamy i oliwki do masa\u017cu profesjonalnego marki Balsamique ju\u017c w ofercie sklepu internetowego Alba Thyment","og_url":"https:\/\/www.albathyment.com.pl\/AlbaThyment\/2014\/07\/25\/wakacyjne-nowosci\/","og_site_name":"Alba Thyment Sp. zo.o.","article_publisher":"https:\/\/www.facebook.com\/essenzabalsamica\/?fref=ts","article_published_time":"2014-07-25T14:07:01+00:00","article_modified_time":"2015-12-21T12:11:29+00:00","og_image":[{"width":177,"height":226,"url":"https:\/\/www.albathyment.com.pl\/AlbaThyment\/wp-content\/uploads\/2015\/10\/Balsamique-20140725-Wakacyjne-nowosci.png","type":"image\/png"}],"author":"Jan Jakub Rychlicki","twitter_card":"summary_large_image","twitter_misc":{"Napisane przez":"Jan Jakub Rychlicki","Szacowany czas czytania":"1 minuta"},"schema":{"@context":"https:\/\/schema.org","@graph":[{"@type":"WebPage","@id":"https:\/\/www.albathyment.com.pl\/AlbaThyment\/2014\/07\/25\/wakacyjne-nowosci\/","url":"https:\/\/www.albathyment.com.pl\/AlbaThyment\/2014\/07\/25\/wakacyjne-nowosci\/","name":"Nowo\u015bci marki Balsamique","isPartOf":{"@id":"https:\/\/www.albathyment.com.pl\/AlbaThyment\/#website"},"datePublished":"2014-07-25T14:07:01+00:00","dateModified":"2015-12-21T12:11:29+00:00","author":{"@id":"https:\/\/www.albathyment.com.pl\/AlbaThyment\/#\/schema\/person\/81a6c0a2f56302def00119646ac35161"},"description":"Nowe balsamy i oliwki do masa\u017cu profesjonalnego marki Balsamique ju\u017c w ofercie sklepu internetowego Alba Thyment","breadcrumb":{"@id":"https:\/\/www.albathyment.com.pl\/AlbaThyment\/2014\/07\/25\/wakacyjne-nowosci\/#breadcrumb"},"inLanguage":"pl-PL","potentialAction":[{"@type":"ReadAction","target":["https:\/\/www.albathyment.com.pl\/AlbaThyment\/2014\/07\/25\/wakacyjne-nowosci\/"]}]},{"@type":"BreadcrumbList","@id":"https:\/\/www.albathyment.com.pl\/AlbaThyment\/2014\/07\/25\/wakacyjne-nowosci\/#breadcrumb","itemListElement":[{"@type":"ListItem","position":1,"name":"Home","item":"https:\/\/www.albathyment.com.pl\/AlbaThyment\/"},{"@type":"ListItem","position":2,"name":"nowo\u015bci balsamique"}]},{"@type":"WebSite","@id":"https:\/\/www.albathyment.com.pl\/AlbaThyment\/#website","url":"https:\/\/www.albathyment.com.pl\/AlbaThyment\/","name":"Alba Thyment Sp. zo.o.","description":"manufactory of healthy cosmetics and natural pharmaceuticals","potentialAction":[{"@type":"SearchAction","target":{"@type":"EntryPoint","urlTemplate":"https:\/\/www.albathyment.com.pl\/AlbaThyment\/?s={search_term_string}"},"query-input":"required name=search_term_string"}],"inLanguage":"pl-PL"},{"@type":"Person","@id":"https:\/\/www.albathyment.com.pl\/AlbaThyment\/#\/schema\/person\/81a6c0a2f56302def00119646ac35161","name":"Jan Jakub Rychlicki","url":"https:\/\/www.albathyment.com.pl\/AlbaThyment\/author\/admin\/"}]}},"_links":{"self":[{"href":"https:\/\/www.albathyment.com.pl\/AlbaThyment\/wp-json\/wp\/v2\/posts\/534"}],"collection":[{"href":"https:\/\/www.albathyment.com.pl\/AlbaThyment\/wp-json\/wp\/v2\/posts"}],"about":[{"href":"https:\/\/www.albathyment.com.pl\/AlbaThyment\/wp-json\/wp\/v2\/types\/post"}],"author":[{"embeddable":true,"href":"https:\/\/www.albathyment.com.pl\/AlbaThyment\/wp-json\/wp\/v2\/users\/1"}],"replies":[{"embeddable":true,"href":"https:\/\/www.albathyment.com.pl\/AlbaThyment\/wp-json\/wp\/v2\/comments?post=534"}],"version-history":[{"count":6,"href":"https:\/\/www.albathyment.com.pl\/AlbaThyment\/wp-json\/wp\/v2\/posts\/534\/revisions"}],"predecessor-version":[{"id":927,"href":"https:\/\/www.albathyment.com.pl\/AlbaThyment\/wp-json\/wp\/v2\/posts\/534\/revisions\/927"}],"wp:featuredmedia":[{"embeddable":true,"href":"https:\/\/www.albathyment.com.pl\/AlbaThyment\/wp-json\/wp\/v2\/media\/535"}],"wp:attachment":[{"href":"https:\/\/www.albathyment.com.pl\/AlbaThyment\/wp-json\/wp\/v2\/media?parent=534"}],"wp:term":[{"taxonomy":"category","embeddable":true,"href":"https:\/\/www.albathyment.com.pl\/AlbaThyment\/wp-json\/wp\/v2\/categories?post=534"},{"taxonomy":"post_tag","embeddable":true,"href":"https:\/\/www.albathyment.com.pl\/AlbaThyment\/wp-json\/wp\/v2\/tags?post=534"}],"curies":[{"name":"wp","href":"https:\/\/api.w.org\/{rel}","templated":true}]}}