{"id":262,"date":"2014-04-22T11:24:15","date_gmt":"2014-04-22T11:24:15","guid":{"rendered":"http:\/\/www.albathyment.com.pl\/AlbaThyment\/?p=262"},"modified":"2015-12-21T12:11:30","modified_gmt":"2015-12-21T12:11:30","slug":"marchew-siewna-daucus-carota-sativa","status":"publish","type":"post","link":"https:\/\/www.albathyment.com.pl\/AlbaThyment\/2014\/04\/22\/marchew-siewna-daucus-carota-sativa\/","title":{"rendered":"Marchew siewna &#8211; Daucus Carota Sativa"},"content":{"rendered":"<div class=\"flex_column av_one_full  flex_column_div av-zero-column-padding first  avia-builder-el-0  avia-builder-el-no-sibling  \" style='border-radius:0px; '><section class=\"av_textblock_section \"  itemscope=\"itemscope\" itemtype=\"https:\/\/schema.org\/BlogPosting\" itemprop=\"blogPost\" ><div class='avia_textblock  '   itemprop=\"text\" ><div class=\"news-img\">\u00a0<a href=\"http:\/\/www.albathyment.com.pl\/AlbaThyment\/wp-content\/uploads\/2015\/08\/Daucus-Carota-Sativa.jpg\"><img decoding=\"async\" loading=\"lazy\" class=\"size-medium wp-image-263 alignleft\" src=\"http:\/\/www.albathyment.com.pl\/AlbaThyment\/wp-content\/uploads\/2015\/08\/Daucus-Carota-Sativa-300x219.jpg\" alt=\"Daucus Carota Sativa\" width=\"300\" height=\"219\" srcset=\"https:\/\/www.albathyment.com.pl\/AlbaThyment\/wp-content\/uploads\/2015\/08\/Daucus-Carota-Sativa-300x219.jpg 300w, https:\/\/www.albathyment.com.pl\/AlbaThyment\/wp-content\/uploads\/2015\/08\/Daucus-Carota-Sativa.jpg 310w\" sizes=\"(max-width: 300px) 100vw, 300px\" \/><\/a>Olejek z karoty to jeden z najbardziej odm\u0142adzaj\u0105cych i regeneruj\u0105cych olejk\u00f3w stosowanych w piel\u0119gnacji sk\u00f3ry. Pozwala poprawi\u0107 cer\u0119 i oczy\u015bci\u0107 sk\u00f3r\u0119 poprzez usuni\u0119cie toksycznych substancji oraz eliminacj\u0119 nadmiaru wody w tkankach. Jest bogaty w beta-karoten, witaminy B, C, D oraz E i jest przydatny w odm\u0142adzaniu sk\u00f3ry.\u00a0Bardzo pomaga przy sk\u00f3rze suchej, zniszczonej i starzej\u0105cej si\u0119.<\/div>\n<\/div><\/section><\/div>\n","protected":false},"excerpt":{"rendered":"","protected":false},"author":1,"featured_media":263,"comment_status":"closed","ping_status":"open","sticky":false,"template":"","format":"standard","meta":[],"categories":[70],"tags":[79,78,77],"yoast_head":"<!-- This site is optimized with the Yoast SEO plugin v20.7 - https:\/\/yoast.com\/wordpress\/plugins\/seo\/ -->\n<title>Marchew siewna - sk\u0142adnik kosmetyk\u00f3w<\/title>\n<meta name=\"description\" content=\"Marchew siewna - jeden ze sk\u0142adnik\u00f3w wykorzystywanych do produkcji kosmetyk\u00f3w Alba Thyment\" \/>\n<meta name=\"robots\" content=\"index, follow, max-snippet:-1, max-image-preview:large, max-video-preview:-1\" \/>\n<link rel=\"canonical\" href=\"https:\/\/www.albathyment.com.pl\/AlbaThyment\/2014\/04\/22\/marchew-siewna-daucus-carota-sativa\/\" \/>\n<meta property=\"og:locale\" content=\"pl_PL\" \/>\n<meta property=\"og:type\" content=\"article\" \/>\n<meta property=\"og:title\" content=\"Marchew siewna - sk\u0142adnik kosmetyk\u00f3w\" \/>\n<meta property=\"og:description\" content=\"Marchew siewna - jeden ze sk\u0142adnik\u00f3w wykorzystywanych do produkcji kosmetyk\u00f3w Alba Thyment\" \/>\n<meta property=\"og:url\" content=\"https:\/\/www.albathyment.com.pl\/AlbaThyment\/2014\/04\/22\/marchew-siewna-daucus-carota-sativa\/\" \/>\n<meta property=\"og:site_name\" content=\"Alba Thyment Sp. zo.o.\" \/>\n<meta property=\"article:publisher\" content=\"https:\/\/www.facebook.com\/essenzabalsamica\/?fref=ts\" \/>\n<meta property=\"article:published_time\" content=\"2014-04-22T11:24:15+00:00\" \/>\n<meta property=\"article:modified_time\" content=\"2015-12-21T12:11:30+00:00\" \/>\n<meta property=\"og:image\" content=\"https:\/\/www.albathyment.com.pl\/AlbaThyment\/wp-content\/uploads\/2015\/08\/Daucus-Carota-Sativa.jpg\" \/>\n\t<meta property=\"og:image:width\" content=\"310\" \/>\n\t<meta property=\"og:image:height\" content=\"226\" \/>\n\t<meta property=\"og:image:type\" content=\"image\/jpeg\" \/>\n<meta name=\"author\" content=\"Jan Jakub Rychlicki\" \/>\n<meta name=\"twitter:card\" content=\"summary_large_image\" \/>\n<meta name=\"twitter:label1\" content=\"Napisane przez\" \/>\n\t<meta name=\"twitter:data1\" content=\"Jan Jakub Rychlicki\" \/>\n\t<meta name=\"twitter:label2\" content=\"Szacowany czas czytania\" \/>\n\t<meta name=\"twitter:data2\" content=\"1 minuta\" \/>\n<script type=\"application\/ld+json\" class=\"yoast-schema-graph\">{\"@context\":\"https:\/\/schema.org\",\"@graph\":[{\"@type\":\"WebPage\",\"@id\":\"https:\/\/www.albathyment.com.pl\/AlbaThyment\/2014\/04\/22\/marchew-siewna-daucus-carota-sativa\/\",\"url\":\"https:\/\/www.albathyment.com.pl\/AlbaThyment\/2014\/04\/22\/marchew-siewna-daucus-carota-sativa\/\",\"name\":\"Marchew siewna - sk\u0142adnik kosmetyk\u00f3w\",\"isPartOf\":{\"@id\":\"https:\/\/www.albathyment.com.pl\/AlbaThyment\/#website\"},\"datePublished\":\"2014-04-22T11:24:15+00:00\",\"dateModified\":\"2015-12-21T12:11:30+00:00\",\"author\":{\"@id\":\"https:\/\/www.albathyment.com.pl\/AlbaThyment\/#\/schema\/person\/81a6c0a2f56302def00119646ac35161\"},\"description\":\"Marchew siewna - jeden ze sk\u0142adnik\u00f3w wykorzystywanych do produkcji kosmetyk\u00f3w Alba Thyment\",\"breadcrumb\":{\"@id\":\"https:\/\/www.albathyment.com.pl\/AlbaThyment\/2014\/04\/22\/marchew-siewna-daucus-carota-sativa\/#breadcrumb\"},\"inLanguage\":\"pl-PL\",\"potentialAction\":[{\"@type\":\"ReadAction\",\"target\":[\"https:\/\/www.albathyment.com.pl\/AlbaThyment\/2014\/04\/22\/marchew-siewna-daucus-carota-sativa\/\"]}]},{\"@type\":\"BreadcrumbList\",\"@id\":\"https:\/\/www.albathyment.com.pl\/AlbaThyment\/2014\/04\/22\/marchew-siewna-daucus-carota-sativa\/#breadcrumb\",\"itemListElement\":[{\"@type\":\"ListItem\",\"position\":1,\"name\":\"Home\",\"item\":\"https:\/\/www.albathyment.com.pl\/AlbaThyment\/\"},{\"@type\":\"ListItem\",\"position\":2,\"name\":\"Marchew siewna &#8211; Daucus Carota Sativa\"}]},{\"@type\":\"WebSite\",\"@id\":\"https:\/\/www.albathyment.com.pl\/AlbaThyment\/#website\",\"url\":\"https:\/\/www.albathyment.com.pl\/AlbaThyment\/\",\"name\":\"Alba Thyment Sp. zo.o.\",\"description\":\"manufactory of healthy cosmetics and natural pharmaceuticals\",\"potentialAction\":[{\"@type\":\"SearchAction\",\"target\":{\"@type\":\"EntryPoint\",\"urlTemplate\":\"https:\/\/www.albathyment.com.pl\/AlbaThyment\/?s={search_term_string}\"},\"query-input\":\"required name=search_term_string\"}],\"inLanguage\":\"pl-PL\"},{\"@type\":\"Person\",\"@id\":\"https:\/\/www.albathyment.com.pl\/AlbaThyment\/#\/schema\/person\/81a6c0a2f56302def00119646ac35161\",\"name\":\"Jan Jakub Rychlicki\",\"url\":\"https:\/\/www.albathyment.com.pl\/AlbaThyment\/author\/admin\/\"}]}<\/script>\n<!-- \/ Yoast SEO plugin. -->","yoast_head_json":{"title":"Marchew siewna - sk\u0142adnik kosmetyk\u00f3w","description":"Marchew siewna - jeden ze sk\u0142adnik\u00f3w wykorzystywanych do produkcji kosmetyk\u00f3w Alba Thyment","robots":{"index":"index","follow":"follow","max-snippet":"max-snippet:-1","max-image-preview":"max-image-preview:large","max-video-preview":"max-video-preview:-1"},"canonical":"https:\/\/www.albathyment.com.pl\/AlbaThyment\/2014\/04\/22\/marchew-siewna-daucus-carota-sativa\/","og_locale":"pl_PL","og_type":"article","og_title":"Marchew siewna - sk\u0142adnik kosmetyk\u00f3w","og_description":"Marchew siewna - jeden ze sk\u0142adnik\u00f3w wykorzystywanych do produkcji kosmetyk\u00f3w Alba Thyment","og_url":"https:\/\/www.albathyment.com.pl\/AlbaThyment\/2014\/04\/22\/marchew-siewna-daucus-carota-sativa\/","og_site_name":"Alba Thyment Sp. zo.o.","article_publisher":"https:\/\/www.facebook.com\/essenzabalsamica\/?fref=ts","article_published_time":"2014-04-22T11:24:15+00:00","article_modified_time":"2015-12-21T12:11:30+00:00","og_image":[{"width":310,"height":226,"url":"https:\/\/www.albathyment.com.pl\/AlbaThyment\/wp-content\/uploads\/2015\/08\/Daucus-Carota-Sativa.jpg","type":"image\/jpeg"}],"author":"Jan Jakub Rychlicki","twitter_card":"summary_large_image","twitter_misc":{"Napisane przez":"Jan Jakub Rychlicki","Szacowany czas czytania":"1 minuta"},"schema":{"@context":"https:\/\/schema.org","@graph":[{"@type":"WebPage","@id":"https:\/\/www.albathyment.com.pl\/AlbaThyment\/2014\/04\/22\/marchew-siewna-daucus-carota-sativa\/","url":"https:\/\/www.albathyment.com.pl\/AlbaThyment\/2014\/04\/22\/marchew-siewna-daucus-carota-sativa\/","name":"Marchew siewna - sk\u0142adnik kosmetyk\u00f3w","isPartOf":{"@id":"https:\/\/www.albathyment.com.pl\/AlbaThyment\/#website"},"datePublished":"2014-04-22T11:24:15+00:00","dateModified":"2015-12-21T12:11:30+00:00","author":{"@id":"https:\/\/www.albathyment.com.pl\/AlbaThyment\/#\/schema\/person\/81a6c0a2f56302def00119646ac35161"},"description":"Marchew siewna - jeden ze sk\u0142adnik\u00f3w wykorzystywanych do produkcji kosmetyk\u00f3w Alba Thyment","breadcrumb":{"@id":"https:\/\/www.albathyment.com.pl\/AlbaThyment\/2014\/04\/22\/marchew-siewna-daucus-carota-sativa\/#breadcrumb"},"inLanguage":"pl-PL","potentialAction":[{"@type":"ReadAction","target":["https:\/\/www.albathyment.com.pl\/AlbaThyment\/2014\/04\/22\/marchew-siewna-daucus-carota-sativa\/"]}]},{"@type":"BreadcrumbList","@id":"https:\/\/www.albathyment.com.pl\/AlbaThyment\/2014\/04\/22\/marchew-siewna-daucus-carota-sativa\/#breadcrumb","itemListElement":[{"@type":"ListItem","position":1,"name":"Home","item":"https:\/\/www.albathyment.com.pl\/AlbaThyment\/"},{"@type":"ListItem","position":2,"name":"Marchew siewna &#8211; Daucus Carota Sativa"}]},{"@type":"WebSite","@id":"https:\/\/www.albathyment.com.pl\/AlbaThyment\/#website","url":"https:\/\/www.albathyment.com.pl\/AlbaThyment\/","name":"Alba Thyment Sp. zo.o.","description":"manufactory of healthy cosmetics and natural pharmaceuticals","potentialAction":[{"@type":"SearchAction","target":{"@type":"EntryPoint","urlTemplate":"https:\/\/www.albathyment.com.pl\/AlbaThyment\/?s={search_term_string}"},"query-input":"required name=search_term_string"}],"inLanguage":"pl-PL"},{"@type":"Person","@id":"https:\/\/www.albathyment.com.pl\/AlbaThyment\/#\/schema\/person\/81a6c0a2f56302def00119646ac35161","name":"Jan Jakub Rychlicki","url":"https:\/\/www.albathyment.com.pl\/AlbaThyment\/author\/admin\/"}]}},"_links":{"self":[{"href":"https:\/\/www.albathyment.com.pl\/AlbaThyment\/wp-json\/wp\/v2\/posts\/262"}],"collection":[{"href":"https:\/\/www.albathyment.com.pl\/AlbaThyment\/wp-json\/wp\/v2\/posts"}],"about":[{"href":"https:\/\/www.albathyment.com.pl\/AlbaThyment\/wp-json\/wp\/v2\/types\/post"}],"author":[{"embeddable":true,"href":"https:\/\/www.albathyment.com.pl\/AlbaThyment\/wp-json\/wp\/v2\/users\/1"}],"replies":[{"embeddable":true,"href":"https:\/\/www.albathyment.com.pl\/AlbaThyment\/wp-json\/wp\/v2\/comments?post=262"}],"version-history":[{"count":1,"href":"https:\/\/www.albathyment.com.pl\/AlbaThyment\/wp-json\/wp\/v2\/posts\/262\/revisions"}],"predecessor-version":[{"id":264,"href":"https:\/\/www.albathyment.com.pl\/AlbaThyment\/wp-json\/wp\/v2\/posts\/262\/revisions\/264"}],"wp:featuredmedia":[{"embeddable":true,"href":"https:\/\/www.albathyment.com.pl\/AlbaThyment\/wp-json\/wp\/v2\/media\/263"}],"wp:attachment":[{"href":"https:\/\/www.albathyment.com.pl\/AlbaThyment\/wp-json\/wp\/v2\/media?parent=262"}],"wp:term":[{"taxonomy":"category","embeddable":true,"href":"https:\/\/www.albathyment.com.pl\/AlbaThyment\/wp-json\/wp\/v2\/categories?post=262"},{"taxonomy":"post_tag","embeddable":true,"href":"https:\/\/www.albathyment.com.pl\/AlbaThyment\/wp-json\/wp\/v2\/tags?post=262"}],"curies":[{"name":"wp","href":"https:\/\/api.w.org\/{rel}","templated":true}]}}